{"id":4859,"date":"2023-02-09T16:17:00","date_gmt":"2023-02-09T15:17:00","guid":{"rendered":"https:\/\/maisondelalimentation.fr\/?p=4859"},"modified":"2026-04-16T15:46:47","modified_gmt":"2026-04-16T13:46:47","slug":"elementor-4859","status":"publish","type":"post","link":"https:\/\/maisondelalimentation.fr\/?p=4859","title":{"rendered":"Permanence Camping car Ressort et Cie (12.05.2026)"},"content":{"rendered":"\t\t<div data-elementor-type=\"wp-post\" data-elementor-id=\"4859\" class=\"elementor elementor-4859\">\n\t\t\t\t\t\t<section class=\"elementor-section elementor-top-section elementor-element elementor-element-bf709f0 elementor-section-boxed elementor-section-height-default elementor-section-height-default\" data-id=\"bf709f0\" data-element_type=\"section\">\n\t\t\t\t\t\t<div class=\"elementor-container elementor-column-gap-default\">\n\t\t\t\t\t<div class=\"elementor-column elementor-col-100 elementor-top-column elementor-element elementor-element-f199039\" data-id=\"f199039\" data-element_type=\"column\">\n\t\t\t<div class=\"elementor-widget-wrap elementor-element-populated\">\n\t\t\t\t\t\t<div class=\"elementor-element elementor-element-8ac520e elementor-widget elementor-widget-image\" data-id=\"8ac520e\" data-element_type=\"widget\" data-widget_type=\"image.default\">\n\t\t\t\t<div class=\"elementor-widget-container\">\n\t\t\t\t\t\t\t\t\t\t\t\t\t\t\t<img fetchpriority=\"high\" decoding=\"async\" width=\"1024\" height=\"718\" src=\"https:\/\/maisondelalimentation.fr\/wp-content\/uploads\/2023\/06\/Ressort-et-cie-1024x718.png\" class=\"attachment-large size-large wp-image-6473\" alt=\"\" srcset=\"https:\/\/maisondelalimentation.fr\/wp-content\/uploads\/2023\/06\/Ressort-et-cie-1024x718.png 1024w, https:\/\/maisondelalimentation.fr\/wp-content\/uploads\/2023\/06\/Ressort-et-cie-300x210.png 300w, https:\/\/maisondelalimentation.fr\/wp-content\/uploads\/2023\/06\/Ressort-et-cie-768x538.png 768w, https:\/\/maisondelalimentation.fr\/wp-content\/uploads\/2023\/06\/Ressort-et-cie-71x50.png 71w, https:\/\/maisondelalimentation.fr\/wp-content\/uploads\/2023\/06\/Ressort-et-cie.png 1325w\" sizes=\"(max-width: 1024px) 100vw, 1024px\" \/>\t\t\t\t\t\t\t\t\t\t\t\t\t\t\t<\/div>\n\t\t\t\t<\/div>\n\t\t\t\t\t<\/div>\n\t\t<\/div>\n\t\t\t\t\t<\/div>\n\t\t<\/section>\n\t\t\t\t<\/div>\n\t\t","protected":false},"excerpt":{"rendered":"<p>Permanence mensuelle avec \u00ab\u00a0Ressorts &#038; Cie\u00a0\u00bb<\/p>\n","protected":false},"author":1,"featured_media":6473,"comment_status":"open","ping_status":"open","sticky":false,"template":"","format":"standard","meta":{"qubely_global_settings":"","qubely_interactions":"","footnotes":""},"categories":[1],"tags":[],"class_list":["post-4859","post","type-post","status-publish","format-standard","has-post-thumbnail","hentry","category-actus"],"qubely_featured_image_url":{"full":["https:\/\/maisondelalimentation.fr\/wp-content\/uploads\/2023\/06\/Ressort-et-cie.png",1325,929,false],"landscape":["https:\/\/maisondelalimentation.fr\/wp-content\/uploads\/2023\/06\/Ressort-et-cie-1200x750.png",1200,750,true],"portraits":["https:\/\/maisondelalimentation.fr\/wp-content\/uploads\/2023\/06\/Ressort-et-cie-540x320.png",540,320,true],"thumbnail":["https:\/\/maisondelalimentation.fr\/wp-content\/uploads\/2023\/06\/Ressort-et-cie-150x150.png",150,150,true],"medium":["https:\/\/maisondelalimentation.fr\/wp-content\/uploads\/2023\/06\/Ressort-et-cie-300x210.png",300,210,true],"medium_large":["https:\/\/maisondelalimentation.fr\/wp-content\/uploads\/2023\/06\/Ressort-et-cie-768x538.png",768,538,true],"large":["https:\/\/maisondelalimentation.fr\/wp-content\/uploads\/2023\/06\/Ressort-et-cie-1024x718.png",1024,718,true],"1536x1536":["https:\/\/maisondelalimentation.fr\/wp-content\/uploads\/2023\/06\/Ressort-et-cie.png",1325,929,false],"2048x2048":["https:\/\/maisondelalimentation.fr\/wp-content\/uploads\/2023\/06\/Ressort-et-cie.png",1325,929,false],"qubely_landscape":["https:\/\/maisondelalimentation.fr\/wp-content\/uploads\/2023\/06\/Ressort-et-cie-1200x750.png",1200,750,true],"qubely_portrait":["https:\/\/maisondelalimentation.fr\/wp-content\/uploads\/2023\/06\/Ressort-et-cie-540x320.png",540,320,true],"qubely_thumbnail":["https:\/\/maisondelalimentation.fr\/wp-content\/uploads\/2023\/06\/Ressort-et-cie-140x100.png",140,100,true],"ultp_layout_landscape_large":["https:\/\/maisondelalimentation.fr\/wp-content\/uploads\/2023\/06\/Ressort-et-cie-1200x800.png",1200,800,true],"ultp_layout_landscape":["https:\/\/maisondelalimentation.fr\/wp-content\/uploads\/2023\/06\/Ressort-et-cie-870x570.png",870,570,true],"ultp_layout_portrait":["https:\/\/maisondelalimentation.fr\/wp-content\/uploads\/2023\/06\/Ressort-et-cie-600x900.png",600,900,true],"ultp_layout_square":["https:\/\/maisondelalimentation.fr\/wp-content\/uploads\/2023\/06\/Ressort-et-cie-600x600.png",600,600,true],"post-thumbnail":["https:\/\/maisondelalimentation.fr\/wp-content\/uploads\/2023\/06\/Ressort-et-cie-71x50.png",71,50,true],"anima-featured":["https:\/\/maisondelalimentation.fr\/wp-content\/uploads\/2023\/06\/Ressort-et-cie-1325x50.png",1325,50,true],"anima-featured-lp":["https:\/\/maisondelalimentation.fr\/wp-content\/uploads\/2023\/06\/Ressort-et-cie-1325x50.png",1325,50,true],"anima-featured-half":["https:\/\/maisondelalimentation.fr\/wp-content\/uploads\/2023\/06\/Ressort-et-cie-800x50.png",800,50,true],"anima-featured-third":["https:\/\/maisondelalimentation.fr\/wp-content\/uploads\/2023\/06\/Ressort-et-cie-512x50.png",512,50,true],"anima-lpbox-1":["https:\/\/maisondelalimentation.fr\/wp-content\/uploads\/2023\/06\/Ressort-et-cie-1000x350.png",1000,350,true],"anima-lpbox-2":["https:\/\/maisondelalimentation.fr\/wp-content\/uploads\/2023\/06\/Ressort-et-cie-1000x400.png",1000,400,true]},"qubely_author":{"display_name":"admin","author_link":"https:\/\/maisondelalimentation.fr\/?author=1"},"qubely_comment":0,"qubely_category":"<a href=\"https:\/\/maisondelalimentation.fr\/?cat=1\" rel=\"category\">Ateliers<\/a>","qubely_excerpt":"Permanence mensuelle avec \"Ressorts & Cie\"","yoast_head":"<!-- This site is optimized with the Yoast SEO plugin v25.1 - https:\/\/yoast.com\/wordpress\/plugins\/seo\/ -->\n<title>Permanence Camping car Ressort et Cie (12.05.2026) - Maison de l&#039;Alimentation Ambert<\/title>\n<meta name=\"robots\" content=\"index, follow, max-snippet:-1, max-image-preview:large, max-video-preview:-1\" \/>\n<link rel=\"canonical\" href=\"https:\/\/maisondelalimentation.fr\/?p=4859\" \/>\n<meta property=\"og:locale\" content=\"fr_FR\" \/>\n<meta property=\"og:type\" content=\"article\" \/>\n<meta property=\"og:title\" content=\"Permanence Camping car Ressort et Cie (12.05.2026) - Maison de l&#039;Alimentation Ambert\" \/>\n<meta property=\"og:description\" content=\"Permanence mensuelle avec &quot;Ressorts &amp; Cie&quot;\" \/>\n<meta property=\"og:url\" content=\"https:\/\/maisondelalimentation.fr\/?p=4859\" \/>\n<meta property=\"og:site_name\" content=\"Maison de l&#039;Alimentation Ambert\" \/>\n<meta property=\"article:published_time\" content=\"2023-02-09T15:17:00+00:00\" \/>\n<meta property=\"article:modified_time\" content=\"2026-04-16T13:46:47+00:00\" \/>\n<meta property=\"og:image\" content=\"https:\/\/maisondelalimentation.fr\/wp-content\/uploads\/2023\/06\/Ressort-et-cie.png\" \/>\n\t<meta property=\"og:image:width\" content=\"1325\" \/>\n\t<meta property=\"og:image:height\" content=\"929\" \/>\n\t<meta property=\"og:image:type\" content=\"image\/png\" \/>\n<meta name=\"author\" content=\"admin\" \/>\n<meta name=\"twitter:card\" content=\"summary_large_image\" \/>\n<meta name=\"twitter:label1\" content=\"\u00c9crit par\" \/>\n\t<meta name=\"twitter:data1\" content=\"admin\" \/>\n\t<meta name=\"twitter:label2\" content=\"Dur\u00e9e de lecture estim\u00e9e\" \/>\n\t<meta name=\"twitter:data2\" content=\"1 minute\" \/>\n<script type=\"application\/ld+json\" class=\"yoast-schema-graph\">{\"@context\":\"https:\/\/schema.org\",\"@graph\":[{\"@type\":\"Article\",\"@id\":\"https:\/\/maisondelalimentation.fr\/?p=4859#article\",\"isPartOf\":{\"@id\":\"https:\/\/maisondelalimentation.fr\/?p=4859\"},\"author\":{\"name\":\"admin\",\"@id\":\"https:\/\/maisondelalimentation.fr\/#\/schema\/person\/a8a5fc8df8457c3377939869f2189b8f\"},\"headline\":\"Permanence Camping car Ressort et Cie (12.05.2026)\",\"datePublished\":\"2023-02-09T15:17:00+00:00\",\"dateModified\":\"2026-04-16T13:46:47+00:00\",\"mainEntityOfPage\":{\"@id\":\"https:\/\/maisondelalimentation.fr\/?p=4859\"},\"wordCount\":6,\"commentCount\":0,\"publisher\":{\"@id\":\"https:\/\/maisondelalimentation.fr\/#organization\"},\"image\":{\"@id\":\"https:\/\/maisondelalimentation.fr\/?p=4859#primaryimage\"},\"thumbnailUrl\":\"https:\/\/maisondelalimentation.fr\/wp-content\/uploads\/2023\/06\/Ressort-et-cie.png\",\"articleSection\":[\"Ateliers\"],\"inLanguage\":\"fr-FR\",\"potentialAction\":[{\"@type\":\"CommentAction\",\"name\":\"Comment\",\"target\":[\"https:\/\/maisondelalimentation.fr\/?p=4859#respond\"]}]},{\"@type\":\"WebPage\",\"@id\":\"https:\/\/maisondelalimentation.fr\/?p=4859\",\"url\":\"https:\/\/maisondelalimentation.fr\/?p=4859\",\"name\":\"Permanence Camping car Ressort et Cie (12.05.2026) - Maison de l&#039;Alimentation Ambert\",\"isPartOf\":{\"@id\":\"https:\/\/maisondelalimentation.fr\/#website\"},\"primaryImageOfPage\":{\"@id\":\"https:\/\/maisondelalimentation.fr\/?p=4859#primaryimage\"},\"image\":{\"@id\":\"https:\/\/maisondelalimentation.fr\/?p=4859#primaryimage\"},\"thumbnailUrl\":\"https:\/\/maisondelalimentation.fr\/wp-content\/uploads\/2023\/06\/Ressort-et-cie.png\",\"datePublished\":\"2023-02-09T15:17:00+00:00\",\"dateModified\":\"2026-04-16T13:46:47+00:00\",\"breadcrumb\":{\"@id\":\"https:\/\/maisondelalimentation.fr\/?p=4859#breadcrumb\"},\"inLanguage\":\"fr-FR\",\"potentialAction\":[{\"@type\":\"ReadAction\",\"target\":[\"https:\/\/maisondelalimentation.fr\/?p=4859\"]}]},{\"@type\":\"ImageObject\",\"inLanguage\":\"fr-FR\",\"@id\":\"https:\/\/maisondelalimentation.fr\/?p=4859#primaryimage\",\"url\":\"https:\/\/maisondelalimentation.fr\/wp-content\/uploads\/2023\/06\/Ressort-et-cie.png\",\"contentUrl\":\"https:\/\/maisondelalimentation.fr\/wp-content\/uploads\/2023\/06\/Ressort-et-cie.png\",\"width\":1325,\"height\":929},{\"@type\":\"BreadcrumbList\",\"@id\":\"https:\/\/maisondelalimentation.fr\/?p=4859#breadcrumb\",\"itemListElement\":[{\"@type\":\"ListItem\",\"position\":1,\"name\":\"Accueil\",\"item\":\"https:\/\/maisondelalimentation.fr\/\"},{\"@type\":\"ListItem\",\"position\":2,\"name\":\"Permanence Camping car Ressort et Cie (12.05.2026)\"}]},{\"@type\":\"WebSite\",\"@id\":\"https:\/\/maisondelalimentation.fr\/#website\",\"url\":\"https:\/\/maisondelalimentation.fr\/\",\"name\":\"Maison de l&#039;Alimentation Ambert\",\"description\":\"\",\"publisher\":{\"@id\":\"https:\/\/maisondelalimentation.fr\/#organization\"},\"potentialAction\":[{\"@type\":\"SearchAction\",\"target\":{\"@type\":\"EntryPoint\",\"urlTemplate\":\"https:\/\/maisondelalimentation.fr\/?s={search_term_string}\"},\"query-input\":{\"@type\":\"PropertyValueSpecification\",\"valueRequired\":true,\"valueName\":\"search_term_string\"}}],\"inLanguage\":\"fr-FR\"},{\"@type\":\"Organization\",\"@id\":\"https:\/\/maisondelalimentation.fr\/#organization\",\"name\":\"Maison de l'Alimentation\",\"url\":\"https:\/\/maisondelalimentation.fr\/\",\"logo\":{\"@type\":\"ImageObject\",\"inLanguage\":\"fr-FR\",\"@id\":\"https:\/\/maisondelalimentation.fr\/#\/schema\/logo\/image\/\",\"url\":\"https:\/\/maisondelalimentation.fr\/wp-content\/uploads\/2022\/06\/cropped-logo_ma_txt.png\",\"contentUrl\":\"https:\/\/maisondelalimentation.fr\/wp-content\/uploads\/2022\/06\/cropped-logo_ma_txt.png\",\"width\":561,\"height\":200,\"caption\":\"Maison de l'Alimentation\"},\"image\":{\"@id\":\"https:\/\/maisondelalimentation.fr\/#\/schema\/logo\/image\/\"}},{\"@type\":\"Person\",\"@id\":\"https:\/\/maisondelalimentation.fr\/#\/schema\/person\/a8a5fc8df8457c3377939869f2189b8f\",\"name\":\"admin\",\"image\":{\"@type\":\"ImageObject\",\"inLanguage\":\"fr-FR\",\"@id\":\"https:\/\/maisondelalimentation.fr\/#\/schema\/person\/image\/\",\"url\":\"https:\/\/secure.gravatar.com\/avatar\/b972b3805b538e19fe8eaced33daaad03eec0f961973de3b471ece4e5cffb084?s=96&d=mm&r=g\",\"contentUrl\":\"https:\/\/secure.gravatar.com\/avatar\/b972b3805b538e19fe8eaced33daaad03eec0f961973de3b471ece4e5cffb084?s=96&d=mm&r=g\",\"caption\":\"admin\"},\"sameAs\":[\"http:\/\/aal63.free.fr\/2\"],\"url\":\"https:\/\/maisondelalimentation.fr\/?author=1\"}]}<\/script>\n<!-- \/ Yoast SEO plugin. -->","yoast_head_json":{"title":"Permanence Camping car Ressort et Cie (12.05.2026) - Maison de l&#039;Alimentation Ambert","robots":{"index":"index","follow":"follow","max-snippet":"max-snippet:-1","max-image-preview":"max-image-preview:large","max-video-preview":"max-video-preview:-1"},"canonical":"https:\/\/maisondelalimentation.fr\/?p=4859","og_locale":"fr_FR","og_type":"article","og_title":"Permanence Camping car Ressort et Cie (12.05.2026) - Maison de l&#039;Alimentation Ambert","og_description":"Permanence mensuelle avec \"Ressorts & Cie\"","og_url":"https:\/\/maisondelalimentation.fr\/?p=4859","og_site_name":"Maison de l&#039;Alimentation Ambert","article_published_time":"2023-02-09T15:17:00+00:00","article_modified_time":"2026-04-16T13:46:47+00:00","og_image":[{"width":1325,"height":929,"url":"https:\/\/maisondelalimentation.fr\/wp-content\/uploads\/2023\/06\/Ressort-et-cie.png","type":"image\/png"}],"author":"admin","twitter_card":"summary_large_image","twitter_misc":{"\u00c9crit par":"admin","Dur\u00e9e de lecture estim\u00e9e":"1 minute"},"schema":{"@context":"https:\/\/schema.org","@graph":[{"@type":"Article","@id":"https:\/\/maisondelalimentation.fr\/?p=4859#article","isPartOf":{"@id":"https:\/\/maisondelalimentation.fr\/?p=4859"},"author":{"name":"admin","@id":"https:\/\/maisondelalimentation.fr\/#\/schema\/person\/a8a5fc8df8457c3377939869f2189b8f"},"headline":"Permanence Camping car Ressort et Cie (12.05.2026)","datePublished":"2023-02-09T15:17:00+00:00","dateModified":"2026-04-16T13:46:47+00:00","mainEntityOfPage":{"@id":"https:\/\/maisondelalimentation.fr\/?p=4859"},"wordCount":6,"commentCount":0,"publisher":{"@id":"https:\/\/maisondelalimentation.fr\/#organization"},"image":{"@id":"https:\/\/maisondelalimentation.fr\/?p=4859#primaryimage"},"thumbnailUrl":"https:\/\/maisondelalimentation.fr\/wp-content\/uploads\/2023\/06\/Ressort-et-cie.png","articleSection":["Ateliers"],"inLanguage":"fr-FR","potentialAction":[{"@type":"CommentAction","name":"Comment","target":["https:\/\/maisondelalimentation.fr\/?p=4859#respond"]}]},{"@type":"WebPage","@id":"https:\/\/maisondelalimentation.fr\/?p=4859","url":"https:\/\/maisondelalimentation.fr\/?p=4859","name":"Permanence Camping car Ressort et Cie (12.05.2026) - Maison de l&#039;Alimentation Ambert","isPartOf":{"@id":"https:\/\/maisondelalimentation.fr\/#website"},"primaryImageOfPage":{"@id":"https:\/\/maisondelalimentation.fr\/?p=4859#primaryimage"},"image":{"@id":"https:\/\/maisondelalimentation.fr\/?p=4859#primaryimage"},"thumbnailUrl":"https:\/\/maisondelalimentation.fr\/wp-content\/uploads\/2023\/06\/Ressort-et-cie.png","datePublished":"2023-02-09T15:17:00+00:00","dateModified":"2026-04-16T13:46:47+00:00","breadcrumb":{"@id":"https:\/\/maisondelalimentation.fr\/?p=4859#breadcrumb"},"inLanguage":"fr-FR","potentialAction":[{"@type":"ReadAction","target":["https:\/\/maisondelalimentation.fr\/?p=4859"]}]},{"@type":"ImageObject","inLanguage":"fr-FR","@id":"https:\/\/maisondelalimentation.fr\/?p=4859#primaryimage","url":"https:\/\/maisondelalimentation.fr\/wp-content\/uploads\/2023\/06\/Ressort-et-cie.png","contentUrl":"https:\/\/maisondelalimentation.fr\/wp-content\/uploads\/2023\/06\/Ressort-et-cie.png","width":1325,"height":929},{"@type":"BreadcrumbList","@id":"https:\/\/maisondelalimentation.fr\/?p=4859#breadcrumb","itemListElement":[{"@type":"ListItem","position":1,"name":"Accueil","item":"https:\/\/maisondelalimentation.fr\/"},{"@type":"ListItem","position":2,"name":"Permanence Camping car Ressort et Cie (12.05.2026)"}]},{"@type":"WebSite","@id":"https:\/\/maisondelalimentation.fr\/#website","url":"https:\/\/maisondelalimentation.fr\/","name":"Maison de l&#039;Alimentation Ambert","description":"","publisher":{"@id":"https:\/\/maisondelalimentation.fr\/#organization"},"potentialAction":[{"@type":"SearchAction","target":{"@type":"EntryPoint","urlTemplate":"https:\/\/maisondelalimentation.fr\/?s={search_term_string}"},"query-input":{"@type":"PropertyValueSpecification","valueRequired":true,"valueName":"search_term_string"}}],"inLanguage":"fr-FR"},{"@type":"Organization","@id":"https:\/\/maisondelalimentation.fr\/#organization","name":"Maison de l'Alimentation","url":"https:\/\/maisondelalimentation.fr\/","logo":{"@type":"ImageObject","inLanguage":"fr-FR","@id":"https:\/\/maisondelalimentation.fr\/#\/schema\/logo\/image\/","url":"https:\/\/maisondelalimentation.fr\/wp-content\/uploads\/2022\/06\/cropped-logo_ma_txt.png","contentUrl":"https:\/\/maisondelalimentation.fr\/wp-content\/uploads\/2022\/06\/cropped-logo_ma_txt.png","width":561,"height":200,"caption":"Maison de l'Alimentation"},"image":{"@id":"https:\/\/maisondelalimentation.fr\/#\/schema\/logo\/image\/"}},{"@type":"Person","@id":"https:\/\/maisondelalimentation.fr\/#\/schema\/person\/a8a5fc8df8457c3377939869f2189b8f","name":"admin","image":{"@type":"ImageObject","inLanguage":"fr-FR","@id":"https:\/\/maisondelalimentation.fr\/#\/schema\/person\/image\/","url":"https:\/\/secure.gravatar.com\/avatar\/b972b3805b538e19fe8eaced33daaad03eec0f961973de3b471ece4e5cffb084?s=96&d=mm&r=g","contentUrl":"https:\/\/secure.gravatar.com\/avatar\/b972b3805b538e19fe8eaced33daaad03eec0f961973de3b471ece4e5cffb084?s=96&d=mm&r=g","caption":"admin"},"sameAs":["http:\/\/aal63.free.fr\/2"],"url":"https:\/\/maisondelalimentation.fr\/?author=1"}]}},"publishpress_future_action":{"enabled":true,"date":"2026-05-13 15:43:00","action":"change-status","newStatus":"draft","terms":[0],"taxonomy":"category"},"publishpress_future_workflow_manual_trigger":{"enabledWorkflows":[]},"_links":{"self":[{"href":"https:\/\/maisondelalimentation.fr\/index.php?rest_route=\/wp\/v2\/posts\/4859","targetHints":{"allow":["GET"]}}],"collection":[{"href":"https:\/\/maisondelalimentation.fr\/index.php?rest_route=\/wp\/v2\/posts"}],"about":[{"href":"https:\/\/maisondelalimentation.fr\/index.php?rest_route=\/wp\/v2\/types\/post"}],"author":[{"embeddable":true,"href":"https:\/\/maisondelalimentation.fr\/index.php?rest_route=\/wp\/v2\/users\/1"}],"replies":[{"embeddable":true,"href":"https:\/\/maisondelalimentation.fr\/index.php?rest_route=%2Fwp%2Fv2%2Fcomments&post=4859"}],"version-history":[{"count":21,"href":"https:\/\/maisondelalimentation.fr\/index.php?rest_route=\/wp\/v2\/posts\/4859\/revisions"}],"predecessor-version":[{"id":6499,"href":"https:\/\/maisondelalimentation.fr\/index.php?rest_route=\/wp\/v2\/posts\/4859\/revisions\/6499"}],"wp:featuredmedia":[{"embeddable":true,"href":"https:\/\/maisondelalimentation.fr\/index.php?rest_route=\/wp\/v2\/media\/6473"}],"wp:attachment":[{"href":"https:\/\/maisondelalimentation.fr\/index.php?rest_route=%2Fwp%2Fv2%2Fmedia&parent=4859"}],"wp:term":[{"taxonomy":"category","embeddable":true,"href":"https:\/\/maisondelalimentation.fr\/index.php?rest_route=%2Fwp%2Fv2%2Fcategories&post=4859"},{"taxonomy":"post_tag","embeddable":true,"href":"https:\/\/maisondelalimentation.fr\/index.php?rest_route=%2Fwp%2Fv2%2Ftags&post=4859"}],"curies":[{"name":"wp","href":"https:\/\/api.w.org\/{rel}","templated":true}]}}